{"id":891,"date":"2025-04-14T00:45:51","date_gmt":"2025-04-13T22:45:51","guid":{"rendered":"https:\/\/lamirada.org.pl\/?p=891"},"modified":"2025-05-08T13:35:39","modified_gmt":"2025-05-08T11:35:39","slug":"nowe-kursy-tanga-argentynskiego-warszawa-sezon-wiosna-lato-2025","status":"publish","type":"post","link":"https:\/\/lamirada.org.pl\/index.php\/2025\/04\/14\/nowe-kursy-tanga-argentynskiego-warszawa-sezon-wiosna-lato-2025\/","title":{"rendered":"Nowe kursy tanga argenty\u0144skiego &#8211; Warszawa &#8211; sezon wiosna\/lato 2025!"},"content":{"rendered":"\n<figure class=\"wp-block-image size-full\"><img loading=\"lazy\" decoding=\"async\" width=\"851\" height=\"315\" src=\"https:\/\/lamirada.org.pl\/wp-content\/uploads\/2025\/04\/Zdjecie_na_strone-www.jpg\" alt=\"\" class=\"wp-image-893\" srcset=\"https:\/\/lamirada.org.pl\/wp-content\/uploads\/2025\/04\/Zdjecie_na_strone-www.jpg 851w, https:\/\/lamirada.org.pl\/wp-content\/uploads\/2025\/04\/Zdjecie_na_strone-www-300x111.jpg 300w, https:\/\/lamirada.org.pl\/wp-content\/uploads\/2025\/04\/Zdjecie_na_strone-www-768x284.jpg 768w\" sizes=\"(max-width: 709px) 85vw, (max-width: 909px) 67vw, (max-width: 1362px) 62vw, 840px\" \/><\/figure>\n\n\n\n<p>Szko\u0142a tanga argenty\u0144skiego \u201eLa Mirada\u201d zaprasza na nowe kursy tanga argenty\u0144skiego w Warszawie  r\u00f3\u017cnych lokalizacjach. \ud83d\ude42<\/p>\n\n\n\n<p>Prowadzimy zapisy:<br><strong>\u2022 do 3 grup pocz\u0105tkuj\u0105cych,<\/strong><br><strong>\u2022 5 grup kontynuuj\u0105cych i \u015brednio zaawansowanych.<\/strong><\/p>\n\n\n\n<p>Ka\u017cda grupa b\u0119dzie mia\u0142a \u2013 10 zaj\u0119\u0107 po 1h15 min.<\/p>\n\n\n\n<p><strong>CENY &#8211; URSYN\u00d3W<\/strong>:<br>\u2022 250 z\u0142\/1 os. za karnet 10 zaj\u0119\u0107<br>\u2022 390 z\u0142\/1 os. \u2013 karnet open na wszystkie zaj\u0119cia (opr\u00f3cz praktyk)<br>\u2022 300 z\u0142\/1 os. \u2013 karnet open na wszystkie zaj\u0119cia, opr\u00f3cz praktyk (osoby do 26. r. \u017c.)<br>\u2022 wej\u015bcie tylko na 1 zaj\u0119cia &#8211; 40 z\u0142.<br>Zaj\u0119cia s\u0105 dotowane przez Urz\u0105d Dzielnicy Ursyn\u00f3w &lt;3<\/p>\n\n\n\n<p><strong>HARMONOGRAM <\/strong>&#8211; <strong>URSYN\u00d3W<\/strong>:<br>1). PONIEDZIA\u0141KI<br>miejsce &#8211; Dom Kultury &#8222;Stok\u0142osy&#8221; ul. Lachmana 5, Warszawa, blisko stacji metra &#8222;Stok\u0142osy&#8221;<br>\u2022 godz. 17:45 &#8211; grupa kontynuuj\u0105ca (od 6 m-cy nauki)<br>\u2022 godz. 19:00 &#8211; grupa \u015brednio zaawansowani (kombinacje kroczk\u00f3w i figur w bliskim obj\u0119ciu)<br>\u2022 godz. 20:15 &#8211; grupa POCZ\u0104TKUJ\u0104CA &#8211; WOLNE MIEJSCA &#8211; start od 5.05.2025 <\/p>\n\n\n\n<p>2). CZWARTKI<br>miejsce &#8211; Dzielnicowy O\u015brodek Kultury &#8222;Ursyn\u00f3w&#8221; ul. Kajakowa 12b, Warszawa<br>\u2022 godz. 18:30 &#8211; grupa POCZ\u0104TKUJ\u0104CA &#8211; WOLNE MIEJSCA &#8211; start 17.04.2025<br>\u2022 godz. 19:45 &#8211; grupa \u015brednio zaawansowani (seminaria &#8211; krzy\u017cyki, sacady, gancha)<br>\u2022 godz. 21:00 &#8211; grupa \u015brednio zaawansowani+ (muzykalno\u015b\u0107 &#8211; przegl\u0105d orkiestr tangowych &#8211; jak do nich ta\u0144czy\u0107 i \u0142\u0105czy\u0107 elementy, kt\u00f3re ju\u017c znamy).<\/p>\n\n\n\n<p>****************************************************************<\/p>\n\n\n\n<p><strong>BIA\u0141O\u0141\u0118KA &#8211; CENY:<\/strong><\/p>\n\n\n\n<p>\u2022 390 z\u0142\/1 os. za karnet 10 zaj\u0119\u0107<br>\u2022 550 z\u0142\/1 os. \u2013 karnet open na wszystkie zaj\u0119cia <br>\u2022 490 z\u0142\/1 os. \u2013 karnet open na wszystkie zaj\u0119cia dla os\u00f3b 60+<\/p>\n\n\n\n<p><strong>HARMONOGRAM &#8211; BIA\u0141O\u0141\u0118KA<\/strong>:<\/p>\n\n\n\n<p>1). \u015aRODY<br>miejsce \u2013 Bia\u0142o\u0142\u0119ka, ul. \u015awiatowida 17, Warszawa,<br>\u2022 godz. 19:30 \u2013\u00a0<strong>grupa kontynuacja<\/strong>\u00a0\u2013 WOLNE MIEJSCA <br>\u2022 godz. 20:45 \u2013 <strong>grupa pocz\u0105tkuj\u0105ca<\/strong> \u2013 WOLNE MIEJSCA<\/p>\n\n\n\n<p>******************************************************************<\/p>\n\n\n\n<p><strong>MICHA\u0141OWICE<\/strong><\/p>\n\n\n\n<p>Zaj\u0119cia w pe\u0142ni finansowane przez Gmin\u0119 Micha\u0142owice &lt;3 <\/p>\n\n\n\n<p><strong>HARMONOGRAM:<\/strong><\/p>\n\n\n\n<p>1). WTORKI<\/p>\n\n\n\n<p>miejsce &#8211; Ul. Brzozowa 18, Dom Kultury &#8211; \u015bwietlica P\u0119cice Ma\u0142e<\/p>\n\n\n\n<p>godz. 18:00 &#8211; grupa 1 &#8211; zapisy zamkni\u0119te<\/p>\n\n\n\n<p>godz. 19:20 &#8211; grupa 2 &#8211; zapisy zamkni\u0119te<\/p>\n\n\n\n<p>Zaj\u0119cia prowadz\u0105 Asia Balowska i Marcin Akielaszek, ucz\u0105cy tanga od 7 lat na warszawskim Ursynowie i od roku na Bia\u0142o\u0142\u0119ce.<\/p>\n\n\n\n<p>Tango to doskona\u0142a okazja do zwi\u0119kszenia aktywno\u015bci, wyj\u015bcia z domu, poznania nowych, interesuj\u0105cych ludzi, integracji i dobrej zabawy:)<br>Na kursach przygotujemy Was do udzia\u0142u w milongach, czyli pota\u0144c\u00f3wkach tangowych, kt\u00f3re codziennie odbywaj\u0105 si\u0119 w Warszawie \ud83d\ude42<\/p>\n\n\n\n<p><strong>ZAPISY: tel. 608 896 104<br>e-mail: info@lamirada.org.pl<br>www.lamirada.org.pl<\/strong><\/p>\n\n\n\n<p>Obejrzyj pr\u00f3bk\u0119 naszych lekcji:<br>https:\/\/youtu.be\/cE4VXUkqpoM?si=n5h-p9D2DauRRcJ1<\/p>\n\n\n\n<p>Na zaj\u0119cia prosimy zabra\u0107 wygodne obuwie zmienne, z g\u0142adk\u0105 podeszw\u0105 i koniecznie co\u015b do picia &#8211; nawodnienie to wa\u017cna rzecz:)<br>Dobry humor i przyjazn\u0105 atmosfer\u0119 &#8211; gwarantujemy \ud83d\ude42<\/p>\n\n\n\n<p>Zapraszamy serdecznie \ud83d\ude42<\/p>\n\n\n\n<h6 class=\"wp-block-heading\">tango; #tangoargenty\u0144skie; #tangoWarszawa; #tangomilonga; #kursytanga; #lekcjetanga; #lekcjeta\u0144ca; #taniecwarszawa; #tangoursynow&#8217; #Ursyn\u00f3w; #DOKUrsyn\u00f3w; #DKStok\u0142osy; #LaMirada; #tangoBia\u0142o\u0142\u0119ka&#8217; #Bia\u0142o\u0142\u0119ka; #Micha\u0142owice<\/h6>\n\n\n\n<p><\/p>\n","protected":false},"excerpt":{"rendered":"<p>Szko\u0142a tanga argenty\u0144skiego \u201eLa Mirada\u201d zaprasza na nowe kursy tanga argenty\u0144skiego w Warszawie r\u00f3\u017cnych lokalizacjach. \ud83d\ude42 Prowadzimy zapisy:\u2022 do 3 grup pocz\u0105tkuj\u0105cych,\u2022 5 grup kontynuuj\u0105cych i \u015brednio zaawansowanych. Ka\u017cda grupa b\u0119dzie mia\u0142a \u2013 10 zaj\u0119\u0107 po 1h15 min. CENY &#8211; URSYN\u00d3W:\u2022 250 z\u0142\/1 os. za karnet 10 zaj\u0119\u0107\u2022 390 z\u0142\/1 os. \u2013 karnet open na &hellip; <a href=\"https:\/\/lamirada.org.pl\/index.php\/2025\/04\/14\/nowe-kursy-tanga-argentynskiego-warszawa-sezon-wiosna-lato-2025\/\" class=\"more-link\">Czytaj dalej<span class=\"screen-reader-text\"> \u201eNowe kursy tanga argenty\u0144skiego &#8211; Warszawa &#8211; sezon wiosna\/lato 2025!\u201d<\/span><\/a><\/p>\n","protected":false},"author":1,"featured_media":0,"comment_status":"closed","ping_status":"open","sticky":false,"template":"","format":"standard","meta":{"ngg_post_thumbnail":0,"footnotes":""},"categories":[1],"tags":[],"_links":{"self":[{"href":"https:\/\/lamirada.org.pl\/index.php\/wp-json\/wp\/v2\/posts\/891"}],"collection":[{"href":"https:\/\/lamirada.org.pl\/index.php\/wp-json\/wp\/v2\/posts"}],"about":[{"href":"https:\/\/lamirada.org.pl\/index.php\/wp-json\/wp\/v2\/types\/post"}],"author":[{"embeddable":true,"href":"https:\/\/lamirada.org.pl\/index.php\/wp-json\/wp\/v2\/users\/1"}],"replies":[{"embeddable":true,"href":"https:\/\/lamirada.org.pl\/index.php\/wp-json\/wp\/v2\/comments?post=891"}],"version-history":[{"count":5,"href":"https:\/\/lamirada.org.pl\/index.php\/wp-json\/wp\/v2\/posts\/891\/revisions"}],"predecessor-version":[{"id":898,"href":"https:\/\/lamirada.org.pl\/index.php\/wp-json\/wp\/v2\/posts\/891\/revisions\/898"}],"wp:attachment":[{"href":"https:\/\/lamirada.org.pl\/index.php\/wp-json\/wp\/v2\/media?parent=891"}],"wp:term":[{"taxonomy":"category","embeddable":true,"href":"https:\/\/lamirada.org.pl\/index.php\/wp-json\/wp\/v2\/categories?post=891"},{"taxonomy":"post_tag","embeddable":true,"href":"https:\/\/lamirada.org.pl\/index.php\/wp-json\/wp\/v2\/tags?post=891"}],"curies":[{"name":"wp","href":"https:\/\/api.w.org\/{rel}","templated":true}]}}