{"id":692,"date":"2022-10-06T23:23:56","date_gmt":"2022-10-06T21:23:56","guid":{"rendered":"https:\/\/lamirada.org.pl\/?p=692"},"modified":"2023-02-15T23:00:29","modified_gmt":"2023-02-15T21:00:29","slug":"kursy-tanga-sezon-2022-2023","status":"publish","type":"post","link":"https:\/\/lamirada.org.pl\/index.php\/2022\/10\/06\/kursy-tanga-sezon-2022-2023\/","title":{"rendered":"Kursy tanga &#8211; sezon 2022\/2023"},"content":{"rendered":"\n<figure class=\"wp-block-gallery has-nested-images columns-default is-cropped wp-block-gallery-1 is-layout-flex wp-block-gallery-is-layout-flex\">\n<figure class=\"wp-block-image size-large\"><img loading=\"lazy\" decoding=\"async\" width=\"851\" height=\"315\" data-id=\"702\" src=\"https:\/\/lamirada.org.pl\/wp-content\/uploads\/2023\/02\/zdjecie_w_tle_11.2022.jpg\" alt=\"\" class=\"wp-image-702\" srcset=\"https:\/\/lamirada.org.pl\/wp-content\/uploads\/2023\/02\/zdjecie_w_tle_11.2022.jpg 851w, https:\/\/lamirada.org.pl\/wp-content\/uploads\/2023\/02\/zdjecie_w_tle_11.2022-300x111.jpg 300w, https:\/\/lamirada.org.pl\/wp-content\/uploads\/2023\/02\/zdjecie_w_tle_11.2022-768x284.jpg 768w\" sizes=\"(max-width: 709px) 85vw, (max-width: 909px) 67vw, (max-width: 1362px) 62vw, 840px\" \/><\/figure>\n<figcaption class=\"blocks-gallery-caption\">Kursy tanga argenty\u0144skiego Warszawa &#8211; &#8222;La Mirada&#8221; &#8211; grafik zaj\u0119\u0107<\/figcaption><\/figure>\n\n\n\n<p><\/p>\n\n\n\n<p class=\"has-medium-font-size\" id=\"kursy\">Zapraszamy serdecznie na kursy tanga argenty\u0144skiego                w Warszawie &#8211; sezon 2022\/2023!<br>Do wyboru lokalizacje &#8211; Ursyn\u00f3w i Wola!<br><br><strong>H A R M O N O G R A M<\/strong><\/p>\n\n\n\n<p id=\"kursy\" style=\"font-size:16px\"><strong>URSYN\u00d3W:<\/strong><br><strong>1).  grupa pocz\u0105tkuj\u0105ca<\/strong><br>&#8211; niedziele, godz. 16:30<br>&#8211; miejsce &#8211; Dom Kultury &#8222;Stok\u0142osy&#8221;, ul. Lachmana 5<br><br><strong>2). grupa pocz\u0105tkuj\u0105ca<\/strong><br>&#8211; czwartki, godz. 19:00<br>&#8211; miejsce &#8211; Dzielnicowy O\u015brodek Kultury &#8222;Ursyn\u00f3w&#8221;, ul. Kajakowa 12b<br><br><strong> 3). grupa zaawansowana (2 lata +)<\/strong><br>&#8211; czwartki, godz. 20:30  <br>&#8211; miejsce &#8211; Dzielnicowy O\u015brodek Kultury &#8222;Ursyn\u00f3w&#8221;, ul. Kajakowa 12 b<br><br> <strong>WOLA<\/strong>:<br><strong>1). grupa pocz\u0105tkuj\u0105ca <\/strong><br>&#8211; wtorki, godz.19:00<br>&#8211; miejsce &#8211; ul. Leszno 32<br><\/p>\n\n\n\n<p id=\"kursy\" style=\"font-size:16px\"><strong>PRAKTYKI DLA WSZYSTKICH<\/strong>&#8211; niedziele, godz. 15:00 &#8211; 16:30, DK &#8222;Stok\u0142osy&#8221;, ul. Lachmana 5, przy stacji metra &#8222;Stok\u0142osy&#8221;.<br> <br><strong>P R O G R A M:<\/strong><br> <strong>1). POCZ\u0104TKUJ\u0104CY<\/strong><br>Je\u015bli podoba si\u0119 Wam tango argenty\u0144skie, a z r\u00f3\u017cnych powod\u00f3w nie spr\u00f3bowali\u015bcie go jeszcze zata\u0144czy\u0107, ten kurs jest dla Was!<br>Na kursie przeprowadzimy Was przez podstawy tanga argenty\u0144skiego, kt\u00f3rych przyswojenie pozwoli Wam na zabaw\u0119 tym ta\u0144cem.<br><br>Opowiemy o jego tajnikach, smaczkach i ciekawostkach.<br>B\u0119dzie te\u017c o tangowych imprezach, zwanych &#8222;milongami&#8221;, bo w Warszawie, praktycznie codziennie, mo\u017cna gdzie\u015b pota\u0144czy\u0107 z r\u00f3\u017cnymi partnerkami               i partnerami!<br>Poznacie podstawowe techniki, kt\u00f3re pomog\u0105 wej\u015b\u0107 w \u015bwiat tangowej improwizacji &#8211; bez &#8222;wkuwania&#8221; skomplikowanych sekwencji!<br><br>Je\u015bli spodoba si\u0119 Wam z nami, b\u0119dziecie mogli rozwija\u0107 si\u0119 na kolejnych stopniach zaawansowania.<br><br><strong>2). ZAAWANSOWANI <\/strong>&#8211; technika w parach dla ta\u0144cz\u0105cych co najmniej 2 lata.<br>Ten semestr po\u015bwi\u0119cimy milongom. Skupimy si\u0119 nad sposobami ta\u0144czenia wolnych i szybkich milong, wypracowaniu komfortowych (niem\u0119cz\u0105cych) technik przy\u015bpiesze\u0144 i oczywi\u015bcie prac\u0105 nad ta\u0144cem w otwartym i bliskim obj\u0119ciu.<br><br><strong>C E N Y<\/strong>:<br>&#8211; Zaj\u0119cia p\u0142atne &#8211; 160 z\u0142 &#8211; karnet 4 zaj\u0119\u0107.<br>&#8211; Pojedyncze wej\u015bcie 50 z\u0142.<br>&#8211; Studenci i osoby ucz\u0105ce si\u0119 do 26 roku \u017cycia &#8211; karnet &#8211; 120 z\u0142<\/p>\n\n\n\n<p>&#8211; Praktyki &#8211; 15 z\u0142.<br><\/p>\n\n\n\n<p><strong>Prowadzenie zaj\u0119\u0107<\/strong>:<br>Asia Balowska i Marcin Akielaszek, wieloletni tancerze i nauczyciele tanga argenty\u0144skiego, szko\u0142a tanga argenty\u0144skiego &#8222;La Mirada&#8221;.<\/p>\n\n\n\n<p><strong>Zapisy:<\/strong><br>Asia &#8211; tel. 608 896 104<br>Marcin &#8211; tel. 691 194 019<br>e-mail: info@lamirada.org.pl<br><a href=\"https:\/\/lamirada.org.pl\">https:\/\/lamirada.org.pl<\/a><\/p>\n\n\n\n<p>Na zaj\u0119ciach obowi\u0105zuje wygodne obuwie zmienne (w miar\u0119 mo\u017cliwo\u015bci g\u0142adka podeszwa).<\/p>\n\n\n\n<p class=\"has-small-font-size\"><br>Linki do film\u00f3w z naszymi lekcjami online &#8222;w pigu\u0142ce&#8221;:<br><a rel=\"noreferrer noopener\" href=\"https:\/\/www.youtube.com\/playlist?list=PLCODmzgAqnKpPDJiga0D9LYj-3UaKgJWf\" target=\"_blank\">https:\/\/www.youtube.com\/playlist?list=PLCODmzgAqnKpPDJiga0D9LYj-3UaKgJWf <\/a><\/p>\n\n\n\n<p class=\"has-small-font-size\">Nasz profil na Facebook&#8217;u:                                                                  <a rel=\"noreferrer noopener\" href=\"https:\/\/www.facebook.com\/TangoLaMirada\" target=\"_blank\">https:\/\/www.facebook.com\/TangoLaMirada<\/a><br><br>foto: Waleria Gu\u015bciora<br>#tango; #tangoargenty\u0144skie; #lekcjetanga; #tangowarszawa; #taniec; #tangomilonga; #szko\u0142atanga,  #kursytanga, #tangomilonga, #tangoursyn\u00f3w, #tangowola<br><br><\/p>\n","protected":false},"excerpt":{"rendered":"<p>Zapraszamy serdecznie na kursy tanga argenty\u0144skiego w Warszawie &#8211; sezon 2022\/2023!Do wyboru lokalizacje &#8211; Ursyn\u00f3w i Wola! H A R M O N O G R A M URSYN\u00d3W:1). grupa pocz\u0105tkuj\u0105ca&#8211; niedziele, godz. 16:30&#8211; miejsce &#8211; Dom Kultury &#8222;Stok\u0142osy&#8221;, ul. Lachmana 5 2). grupa pocz\u0105tkuj\u0105ca&#8211; czwartki, godz. 19:00&#8211; miejsce &#8211; Dzielnicowy O\u015brodek Kultury &#8222;Ursyn\u00f3w&#8221;, ul. &hellip; <a href=\"https:\/\/lamirada.org.pl\/index.php\/2022\/10\/06\/kursy-tanga-sezon-2022-2023\/\" class=\"more-link\">Czytaj dalej<span class=\"screen-reader-text\"> \u201eKursy tanga &#8211; sezon 2022\/2023\u201d<\/span><\/a><\/p>\n","protected":false},"author":1,"featured_media":0,"comment_status":"closed","ping_status":"open","sticky":false,"template":"","format":"standard","meta":{"ngg_post_thumbnail":0,"footnotes":""},"categories":[4],"tags":[24,33,6,25,31,28,37,34,36,27,5,35,32,29,26,30,7],"_links":{"self":[{"href":"https:\/\/lamirada.org.pl\/index.php\/wp-json\/wp\/v2\/posts\/692"}],"collection":[{"href":"https:\/\/lamirada.org.pl\/index.php\/wp-json\/wp\/v2\/posts"}],"about":[{"href":"https:\/\/lamirada.org.pl\/index.php\/wp-json\/wp\/v2\/types\/post"}],"author":[{"embeddable":true,"href":"https:\/\/lamirada.org.pl\/index.php\/wp-json\/wp\/v2\/users\/1"}],"replies":[{"embeddable":true,"href":"https:\/\/lamirada.org.pl\/index.php\/wp-json\/wp\/v2\/comments?post=692"}],"version-history":[{"count":8,"href":"https:\/\/lamirada.org.pl\/index.php\/wp-json\/wp\/v2\/posts\/692\/revisions"}],"predecessor-version":[{"id":749,"href":"https:\/\/lamirada.org.pl\/index.php\/wp-json\/wp\/v2\/posts\/692\/revisions\/749"}],"wp:attachment":[{"href":"https:\/\/lamirada.org.pl\/index.php\/wp-json\/wp\/v2\/media?parent=692"}],"wp:term":[{"taxonomy":"category","embeddable":true,"href":"https:\/\/lamirada.org.pl\/index.php\/wp-json\/wp\/v2\/categories?post=692"},{"taxonomy":"post_tag","embeddable":true,"href":"https:\/\/lamirada.org.pl\/index.php\/wp-json\/wp\/v2\/tags?post=692"}],"curies":[{"name":"wp","href":"https:\/\/api.w.org\/{rel}","templated":true}]}}